{"id":156,"date":"2013-05-03T04:37:31","date_gmt":"2013-05-03T02:37:31","guid":{"rendered":"http:\/\/blog.oley-iiv.de\/?p=156"},"modified":"2013-05-03T04:37:31","modified_gmt":"2013-05-03T02:37:31","slug":"endlich-ein-kramer-fur-berlin","status":"publish","type":"post","link":"http:\/\/blog.oley-iiv.de\/?p=156","title":{"rendered":"Endlich &#8211; ein Kr\u00e4mer f\u00fcr Berlin!"},"content":{"rendered":"\n<!-- wpsso pinterest pin it image added on 2026-04-29T20:52:28+00:00 -->\n<div class=\"wpsso-pinterest-pin-it-image\" style=\"display:none !important;\">\n\t<img src=\"http:\/\/blog.oley-iiv.de\/wp-content\/uploads\/2013\/02\/cropped-FacebookTitel-e1487797004671.jpg\" width=\"0\" height=\"0\" class=\"skip-lazy\" style=\"width:0;height:0;\" alt=\"\" data-pin-description=\"No Description.\" \/>\n<\/div><!-- .wpsso-pinterest-pin-it-image -->\n\n<p>Hallo Fans, hallo Reiterinnen und Reiter, liebe Gemeinde der Abschwitzdecken- und Bunt-Gamaschen-Fetischisten, hallo an alle Tages-Zeit-Gerten-Experten!<\/p>\n<p>Nun ist es soweit, einer der beiden gr\u00f6\u00dften Reitsportartikel-Filialisten (-Franchiser) er\u00f6ffnet einen Shop in Berlin, wie immer g\u00fcnstig per Autobahn zu erreichen &#8211; die meisten Pferde fahren nunmal nicht mit der Eisenbahn.<\/p>\n<p>Mit einem riesigen Aufwand, siehe auch <a title=\"Er\u00f6ffnungsprogramm-Pressemitteilung\" href=\"http:\/\/blog.oley-iiv.de\/?attachment_id=157\" target=\"_blank\" rel=\"attachment wp-att-157\">Er\u00f6ffnungs-Pressemitteilung <\/a>, die schon Klasse verr\u00e4t, werden die neuen alten Kunden angelockt, die bisher auf den Versand angewiesen waren.<\/p>\n<p>Was passiert denn nun mit der aktuellen Reitsportladenszene, die ja in Berlin durch einige wenige gro\u00dfe (und nicht immer ganz preiswerte) L\u00e4den und viele kleinere, von enthusiastischen Inhabern gef\u00fchrte Shops gepr\u00e4gt ist?<\/p>\n<p>Sagen wir es mal wie ein Anwalt: Es kommt darauf an! Sicher wird es den meisten L\u00e4den nicht allzusehr schaden. Die Online-Konkurrenz ist ja ohnehin da und die Kr\u00e4mers und L\u00f6sdaus bestimmen den Markttrend seit Jahren deutlich mit. Andererseits sind beide, und dies wird auch den Laden bei Berlin betreffen, nicht die Billigdiscounter, so da\u00df der Kampf in Nischen f\u00fcr alle nach wie vor offen ist. Dar\u00fcberhinaus darf man nicht die Ausdehnung in die Fl\u00e4che vergessen, gerade in Berlin mu\u00df man mitunter Fahrzeiten von mehr als einer Stunde pro Strecke einplanen. Nicht jeder wird sich deswegen immer sofort ins Auto setzen.<\/p>\n<p>Aber: Wettbewerb belebt, das ist immer so, die etablierten Gesch\u00e4fte mit ihren gefestigten Nischen, Ausrichtungen und Spezialit\u00e4ten werden ihr praktiziertes Profil \u00fcberpr\u00fcfen und anpassen m\u00fcssen, um im Wettbewerb nebeneinander ihr existenzsicherndes Alleinstellungsmerkmal zu sichern und zu st\u00e4rken. F\u00fcr manche wird die Suche nach eben diesem auch USP genannten Merkmal gerade erst beginnen.<\/p>\n<p>Was fehlt denn in Berlin? Zum Beispiel ein spezialisierter Herren-Reit-Ausstatter? Zum Beispiel ein Spezialist f\u00fcr preiswerte Reitplatzausstattung? Die Fragen seien einfach in den Raum geworfen, ohne gleich die Antwort geben zu wollen.<\/p>\n<p>Man wird sehen, wie sich die Szene entwickelt &#8211; fest steht, die bestehenden Strukturen haben ihre Berechtigung, es passiert hoffentlich keine Monopolisierung und alle, die etablierten und die neuen Anbieter am Berliner Markt, k\u00f6nnen vern\u00fcnftig\u00a0 wirtschaften.<\/p>\n<p><em>RO<\/em><\/p>\n","protected":false},"excerpt":{"rendered":"<p>Hallo Fans, hallo Reiterinnen und Reiter, liebe Gemeinde der Abschwitzdecken- und Bunt-Gamaschen-Fetischisten, hallo an alle Tages-Zeit-Gerten-Experten! Nun ist es soweit, einer der beiden gr\u00f6\u00dften Reitsportartikel-Filialisten (-Franchiser) er\u00f6ffnet einen Shop in Berlin, wie immer g\u00fcnstig per Autobahn zu erreichen &#8211; die meisten Pferde fahren nunmal nicht mit der Eisenbahn. Mit einem riesigen Aufwand, siehe auch Er\u00f6ffnungs-Pressemitteilung , die schon Klasse verr\u00e4t, werden die neuen alten Kunden angelockt, die bisher auf den Versand angewiesen waren. Was passiert denn nun mit der aktuellen Reitsportladenszene, die ja in Berlin durch einige wenige gro\u00dfe (und nicht immer ganz preiswerte) L\u00e4den und viele kleinere, von enthusiastischen Inhabern gef\u00fchrte Shops gepr\u00e4gt ist? Sagen wir es mal wie &hellip; <a href=\"http:\/\/blog.oley-iiv.de\/?p=156\" class=\"more-link\"><span class=\"screen-reader-text\">Endlich &#8211; ein Kr\u00e4mer f\u00fcr Berlin!<\/span> weiterlesen <span class=\"meta-nav\">&rarr;<\/span><\/a><\/p>\n","protected":false},"author":1,"featured_media":0,"comment_status":"open","ping_status":"open","sticky":false,"template":"","format":"standard","meta":[],"categories":[3,1,6],"tags":[],"_links":{"self":[{"href":"http:\/\/blog.oley-iiv.de\/index.php?rest_route=\/wp\/v2\/posts\/156"}],"collection":[{"href":"http:\/\/blog.oley-iiv.de\/index.php?rest_route=\/wp\/v2\/posts"}],"about":[{"href":"http:\/\/blog.oley-iiv.de\/index.php?rest_route=\/wp\/v2\/types\/post"}],"author":[{"embeddable":true,"href":"http:\/\/blog.oley-iiv.de\/index.php?rest_route=\/wp\/v2\/users\/1"}],"replies":[{"embeddable":true,"href":"http:\/\/blog.oley-iiv.de\/index.php?rest_route=%2Fwp%2Fv2%2Fcomments&post=156"}],"version-history":[{"count":4,"href":"http:\/\/blog.oley-iiv.de\/index.php?rest_route=\/wp\/v2\/posts\/156\/revisions"}],"predecessor-version":[{"id":161,"href":"http:\/\/blog.oley-iiv.de\/index.php?rest_route=\/wp\/v2\/posts\/156\/revisions\/161"}],"wp:attachment":[{"href":"http:\/\/blog.oley-iiv.de\/index.php?rest_route=%2Fwp%2Fv2%2Fmedia&parent=156"}],"wp:term":[{"taxonomy":"category","embeddable":true,"href":"http:\/\/blog.oley-iiv.de\/index.php?rest_route=%2Fwp%2Fv2%2Fcategories&post=156"},{"taxonomy":"post_tag","embeddable":true,"href":"http:\/\/blog.oley-iiv.de\/index.php?rest_route=%2Fwp%2Fv2%2Ftags&post=156"}],"curies":[{"name":"wp","href":"https:\/\/api.w.org\/{rel}","templated":true}]}}