{"id":195,"date":"2013-09-28T01:00:34","date_gmt":"2013-09-27T23:00:34","guid":{"rendered":"http:\/\/blog.oley-iiv.de\/?p=195"},"modified":"2013-09-28T01:00:34","modified_gmt":"2013-09-27T23:00:34","slug":"was-heisst-fuer-mich-ganzheitliches-projektmanagement","status":"publish","type":"post","link":"http:\/\/blog.oley-iiv.de\/?p=195","title":{"rendered":"Was hei\u00dft f\u00fcr mich ganzheitliches Projektmanagement?"},"content":{"rendered":"\n<!-- wpsso pinterest pin it image added on 2026-04-30T22:40:53+00:00 -->\n<div class=\"wpsso-pinterest-pin-it-image\" style=\"display:none !important;\">\n\t<img src=\"http:\/\/blog.oley-iiv.de\/wp-content\/uploads\/2013\/02\/cropped-FacebookTitel-e1487797004671.jpg\" width=\"0\" height=\"0\" class=\"skip-lazy\" style=\"width:0;height:0;\" alt=\"\" data-pin-description=\"No Description.\" \/>\n<\/div><!-- .wpsso-pinterest-pin-it-image -->\n\n<p>Neulich wurde ich gefragt, wie meine Definition f\u00fcr ganzheitliches Projektmanagement hei\u00dft &#8211; schlie\u00dflich gibt es daf\u00fcr einige auf dem Markt.<\/p>\n<p>Ich erhielt bei einem meiner Auftraggeber mehrere Trainings und Coachings rund um die Berater- und Projektmanagement-Praxis. Die dabei erarbeitete, genaue Definition mu\u00df ich nochmal aus meinen Unterlagen heraussuchen &#8211; eine spannende Frage, sich mal die genaue Definition wieder zu Gem\u00fcte zur f\u00fchren. Aktuell arbeitet man einfach danach, was einem selbst als Definition in Fleisch und Blut, sprich ins reale Leben, \u00fcbergegangen ist.<\/p>\n<p>Nach meiner pers\u00f6nlichen Definition geht es um die Ber\u00fccksichtigung aller Einflussfaktoren, die f\u00fcr ein erfolgreiches Projekt notwendig sind und das Kr\u00e4fteverh\u00e4ltnis zwischen den drei Ecken des magischen Dreiecks &#8222;Ziele, Kosten, Zeiten&#8220; bestimmen.<\/p>\n<p>Nach meiner Erfahrung gibt es mehr Definitionen als praktische Arbeitsinhalte. Die Unterschiede in der Projektdurchf\u00fchrung, die zu Erfolg oder Misserfolg f\u00fchren, liegen fast nie in der Auswahl von Methode, Definition oder Verfahren, sondern fast ausschlie\u00dflich im &#8222;Vergessen&#8220; eines oder mehrerer entscheidenden Einflussfaktoren auf das Projekt &#8211; wobei &#8222;Vergessen&#8220; hier auch als Synonym f\u00fcr Untersch\u00e4tzen, \u00dcbersch\u00e4tzen, Missachten, Interessenkonflikt oder vieles andere mehr stehen kann.<\/p>\n<p>Und es gibt so gut wie keine nachhaltige Ausbildung, um genau dieses &#8222;Vergessen&#8220; zu umgehen, auch wenn viele PM-Ans\u00e4tze dies suggerieren. Nach wie vor spielen Fleiss, Engagement, Lebenserfahrung, Um- und Weitsicht, menschliche St\u00e4rke und Reife sowie auch eine geh\u00f6rige Portion Gl\u00fcck, im richtigen Moment die richtigen Entscheidungen getroffen zu haben, eine entscheidende Rolle.<\/p>\n","protected":false},"excerpt":{"rendered":"<p>Neulich wurde ich gefragt, wie meine Definition f\u00fcr ganzheitliches Projektmanagement hei\u00dft &#8211; schlie\u00dflich gibt es daf\u00fcr einige auf dem Markt. Ich erhielt bei einem meiner Auftraggeber mehrere Trainings und Coachings rund um die Berater- und Projektmanagement-Praxis. Die dabei erarbeitete, genaue Definition mu\u00df ich nochmal aus meinen Unterlagen heraussuchen &#8211; eine spannende Frage, sich mal die genaue Definition wieder zu Gem\u00fcte zur f\u00fchren. Aktuell arbeitet man einfach danach, was einem selbst als Definition in Fleisch und Blut, sprich ins reale Leben, \u00fcbergegangen ist. Nach meiner pers\u00f6nlichen Definition geht es um die Ber\u00fccksichtigung aller Einflussfaktoren, die f\u00fcr ein erfolgreiches Projekt notwendig sind und das Kr\u00e4fteverh\u00e4ltnis zwischen den drei Ecken des magischen Dreiecks &hellip; <a href=\"http:\/\/blog.oley-iiv.de\/?p=195\" class=\"more-link\"><span class=\"screen-reader-text\">Was hei\u00dft f\u00fcr mich ganzheitliches Projektmanagement?<\/span> weiterlesen <span class=\"meta-nav\">&rarr;<\/span><\/a><\/p>\n","protected":false},"author":1,"featured_media":0,"comment_status":"open","ping_status":"open","sticky":false,"template":"","format":"standard","meta":[],"categories":[3,7],"tags":[],"_links":{"self":[{"href":"http:\/\/blog.oley-iiv.de\/index.php?rest_route=\/wp\/v2\/posts\/195"}],"collection":[{"href":"http:\/\/blog.oley-iiv.de\/index.php?rest_route=\/wp\/v2\/posts"}],"about":[{"href":"http:\/\/blog.oley-iiv.de\/index.php?rest_route=\/wp\/v2\/types\/post"}],"author":[{"embeddable":true,"href":"http:\/\/blog.oley-iiv.de\/index.php?rest_route=\/wp\/v2\/users\/1"}],"replies":[{"embeddable":true,"href":"http:\/\/blog.oley-iiv.de\/index.php?rest_route=%2Fwp%2Fv2%2Fcomments&post=195"}],"version-history":[{"count":1,"href":"http:\/\/blog.oley-iiv.de\/index.php?rest_route=\/wp\/v2\/posts\/195\/revisions"}],"predecessor-version":[{"id":196,"href":"http:\/\/blog.oley-iiv.de\/index.php?rest_route=\/wp\/v2\/posts\/195\/revisions\/196"}],"wp:attachment":[{"href":"http:\/\/blog.oley-iiv.de\/index.php?rest_route=%2Fwp%2Fv2%2Fmedia&parent=195"}],"wp:term":[{"taxonomy":"category","embeddable":true,"href":"http:\/\/blog.oley-iiv.de\/index.php?rest_route=%2Fwp%2Fv2%2Fcategories&post=195"},{"taxonomy":"post_tag","embeddable":true,"href":"http:\/\/blog.oley-iiv.de\/index.php?rest_route=%2Fwp%2Fv2%2Ftags&post=195"}],"curies":[{"name":"wp","href":"https:\/\/api.w.org\/{rel}","templated":true}]}}